{"id":2397,"date":"2026-04-29T18:58:27","date_gmt":"2026-04-29T21:58:27","guid":{"rendered":"https:\/\/ipgsantacruz.org.ar\/web\/?p=2397"},"modified":"2026-04-29T19:02:23","modified_gmt":"2026-04-29T22:02:23","slug":"entrevista-lana-que-nace-en-la-estepa","status":"publish","type":"post","link":"https:\/\/ipgsantacruz.org.ar\/web\/entrevista-lana-que-nace-en-la-estepa\/","title":{"rendered":"ENTREVISTA -Lana que nace en la estepa"},"content":{"rendered":"\n<p>Hay historias que abrigan\u2026 y otras que nacen directamente del coraz\u00f3n de nuestra tierra. &#x1f411;&#x2728;<\/p>\n\n\n\n<p>&#x1f469;&#x1f3fc;Muy pronto vamos a compartir la entrevista a Alejandra Melino, creadora de Fibra Patag\u00f3nica, una mujer que transforma la lana de nuestros ovinos en algo mucho m\u00e1s que prendas: en identidad, en memoria y en amor por la provincia.<\/p>\n\n\n\n<p>&#x1f9f6;Desde sus manos hasta escenarios inesperados \u2014como el momento en que pudo regalarle una de sus creaciones a Pampita\u2014, su historia es un reflejo del trabajo, la dedicaci\u00f3n y la pasi\u00f3n que hay detr\u00e1s de cada fibra santacruce\u00f1a.<\/p>\n\n\n\n<p>&#x1f4ac; \u201cLana que nace en la estepa\u201d, dice su esencia\u2026 y cuando escuches su historia, vas a entender por qu\u00e9.<\/p>\n","protected":false},"excerpt":{"rendered":"<p>Hay historias que abrigan\u2026 y otras que nacen directamente del coraz\u00f3n de nuestra tierra. &#x1f411;&#x2728; &#x1f469;&#x1f3fc;Muy pronto vamos a compartir la entrevista a Alejandra Melino, creadora de Fibra Patag\u00f3nica, una mujer que transforma la lana de nuestros ovinos en algo mucho m\u00e1s que prendas: en identidad, en memoria y en amor por la provincia. &#x1f9f6;Desde sus manos hasta escenarios inesperados \u2014como el momento en que pudo regalarle una de sus creaciones a Pampita\u2014, su historia es un reflejo del trabajo, la dedicaci\u00f3n y la pasi\u00f3n que hay detr\u00e1s de cada fibra santacruce\u00f1a. &#x1f4ac; \u201cLana que nace en la estepa\u201d, dice su esencia\u2026 y cuando escuches su historia, vas a entender por qu\u00e9.<\/p>\n","protected":false},"author":2,"featured_media":2398,"comment_status":"closed","ping_status":"closed","sticky":false,"template":"","format":"standard","meta":{"footnotes":""},"categories":[1],"tags":[],"class_list":["post-2397","post","type-post","status-publish","format-standard","has-post-thumbnail","hentry","category-novedades"],"_links":{"self":[{"href":"https:\/\/ipgsantacruz.org.ar\/web\/wp-json\/wp\/v2\/posts\/2397","targetHints":{"allow":["GET"]}}],"collection":[{"href":"https:\/\/ipgsantacruz.org.ar\/web\/wp-json\/wp\/v2\/posts"}],"about":[{"href":"https:\/\/ipgsantacruz.org.ar\/web\/wp-json\/wp\/v2\/types\/post"}],"author":[{"embeddable":true,"href":"https:\/\/ipgsantacruz.org.ar\/web\/wp-json\/wp\/v2\/users\/2"}],"replies":[{"embeddable":true,"href":"https:\/\/ipgsantacruz.org.ar\/web\/wp-json\/wp\/v2\/comments?post=2397"}],"version-history":[{"count":2,"href":"https:\/\/ipgsantacruz.org.ar\/web\/wp-json\/wp\/v2\/posts\/2397\/revisions"}],"predecessor-version":[{"id":2405,"href":"https:\/\/ipgsantacruz.org.ar\/web\/wp-json\/wp\/v2\/posts\/2397\/revisions\/2405"}],"wp:featuredmedia":[{"embeddable":true,"href":"https:\/\/ipgsantacruz.org.ar\/web\/wp-json\/wp\/v2\/media\/2398"}],"wp:attachment":[{"href":"https:\/\/ipgsantacruz.org.ar\/web\/wp-json\/wp\/v2\/media?parent=2397"}],"wp:term":[{"taxonomy":"category","embeddable":true,"href":"https:\/\/ipgsantacruz.org.ar\/web\/wp-json\/wp\/v2\/categories?post=2397"},{"taxonomy":"post_tag","embeddable":true,"href":"https:\/\/ipgsantacruz.org.ar\/web\/wp-json\/wp\/v2\/tags?post=2397"}],"curies":[{"name":"wp","href":"https:\/\/api.w.org\/{rel}","templated":true}]}}