{"id":2664,"date":"2026-08-30T10:33:01","date_gmt":"2026-08-30T13:33:01","guid":{"rendered":"https:\/\/ipgsantacruz.org.ar\/web\/?p=2664"},"modified":"2026-09-03T11:37:44","modified_gmt":"2026-09-03T14:37:44","slug":"primera-expo-campo-infantil-una-jornada-a-puro-campo-para-las-infancias-santacrucenas","status":"publish","type":"post","link":"https:\/\/ipgsantacruz.org.ar\/web\/primera-expo-campo-infantil-una-jornada-a-puro-campo-para-las-infancias-santacrucenas\/","title":{"rendered":"Primera Expo Campo Infantil: una jornada a puro campo para las infancias santacruce\u00f1as"},"content":{"rendered":"\t\t<div data-elementor-type=\"wp-post\" data-elementor-id=\"2664\" class=\"elementor elementor-2664\">\n\t\t\t\t\t\t<section class=\"elementor-section elementor-top-section elementor-element elementor-element-8121b7f elementor-section-boxed elementor-section-height-default elementor-section-height-default wpr-particle-no wpr-jarallax-no wpr-parallax-no wpr-sticky-section-no wpr-column-slider-no wpr-equal-height-no\" data-id=\"8121b7f\" data-element_type=\"section\" data-e-type=\"section\">\n\t\t\t\t\t\t<div class=\"elementor-container elementor-column-gap-default\">\n\t\t\t\t\t<div class=\"elementor-column elementor-col-100 elementor-top-column elementor-element elementor-element-15299fd\" data-id=\"15299fd\" data-element_type=\"column\" data-e-type=\"column\">\n\t\t\t<div class=\"elementor-widget-wrap elementor-element-populated\">\n\t\t\t\t\t\t<div class=\"elementor-element elementor-element-cdd82c8 elementor-widget elementor-widget-heading\" data-id=\"cdd82c8\" data-element_type=\"widget\" data-e-type=\"widget\" data-widget_type=\"heading.default\">\n\t\t\t\t<div class=\"elementor-widget-container\">\n\t\t\t\t\t<h2 class=\"elementor-heading-title elementor-size-default\">Primera Expo Campo Infantil: una jornada a puro campo para las infancias santacruce\u00f1as<\/h2>\t\t\t\t<\/div>\n\t\t\t\t<\/div>\n\t\t\t\t\t<\/div>\n\t\t<\/div>\n\t\t\t\t\t<\/div>\n\t\t<\/section>\n\t\t\t\t<section class=\"elementor-section elementor-top-section elementor-element elementor-element-38d2409 elementor-section-boxed elementor-section-height-default elementor-section-height-default wpr-particle-no wpr-jarallax-no wpr-parallax-no wpr-sticky-section-no wpr-column-slider-no wpr-equal-height-no\" data-id=\"38d2409\" data-element_type=\"section\" data-e-type=\"section\">\n\t\t\t\t\t\t<div class=\"elementor-container elementor-column-gap-default\">\n\t\t\t\t\t<div class=\"elementor-column elementor-col-100 elementor-top-column elementor-element elementor-element-e24a06e\" data-id=\"e24a06e\" data-element_type=\"column\" data-e-type=\"column\">\n\t\t\t<div class=\"elementor-widget-wrap elementor-element-populated\">\n\t\t\t\t\t\t<div class=\"elementor-element elementor-element-9dfe703 elementor-widget elementor-widget-text-editor\" data-id=\"9dfe703\" data-element_type=\"widget\" data-e-type=\"widget\" data-widget_type=\"text-editor.default\">\n\t\t\t\t<div class=\"elementor-widget-container\">\n\t\t\t\t\t\t\t\t\t<p dir=\"ltr\">El s\u00e1bado 29 de agosto, de 14 a 19 horas, se llev\u00f3 a cabo la primera edici\u00f3n de la Expo Campo Infantil, organizada por el Consejo Agrario Provincial (CAP), con la participaci\u00f3n de distintas instituciones de la provincia. La propuesta busc\u00f3 acercar el mundo rural y la flora y fauna de la provincia a los m\u00e1s chicos, a trav\u00e9s de actividades pensadas especialmente para que las infancias vivan una tarde a puro campo.<\/p><p dir=\"ltr\">Entre las actividades se destacaron la demostraci\u00f3n de esquila, un sector de huerta y un rinc\u00f3n de animales de granja que fue uno de los grandes atractivos de la jornada: burra y burrito, terneros, ovejas, conejos, gallos y gallinas, pavos y pavas, y pollitos, que despertaron la curiosidad y el asombro de grandes y chicos por igual.<\/p><p dir=\"ltr\">La jornada cont\u00f3 adem\u00e1s con la participaci\u00f3n de numerosas instituciones: Por El Mar y Ambiente Sur acercaron propuestas vinculadas al cuidado del ambiente, el Ministerio de Salud y Ambiente de Santa Cruz sum\u00f3 su espacio, y la escuela de kayak I Yenu Jono present\u00f3 su actividad n\u00e1utica. El Ej\u00e9rcito Argentino ofreci\u00f3 chocolatada y tortas fritas, adem\u00e1s de una posta recreativa donde los chicos pudieron vivir una experiencia l\u00fadica inspirada en la vida militar. La m\u00fasica tampoco falt\u00f3, con la banda en vivo que acompa\u00f1\u00f3 la tarde con distintas canciones, y hubo sorteos para cerrar la jornada a pura sonrisa.<\/p><p dir=\"ltr\">El IPG estuvo presente junto a FIAS, la Sociedad Rural y el Ateneo de la Rural, con un stand donde se recorri\u00f3 \u00abel camino de la lana\u00bb: un espacio pensado para contarles a los m\u00e1s chicos, de forma sencilla, did\u00e1ctica y a trav\u00e9s de una experiencia sensorial, todo el proceso que atraviesa la lana desde la esquila hasta convertirse en productos que usamos todos los d\u00edas, como prendas de ropa y cremas para el cuidado de la piel.<\/p><p dir=\"ltr\">Una jornada que reafirma el valor de acercar el campo a las nuevas generaciones, y de seguir construyendo, entre todas las instituciones del sector, espacios de encuentro para las familias santacruce\u00f1as.<\/p>\t\t\t\t\t\t\t\t<\/div>\n\t\t\t\t<\/div>\n\t\t\t\t\t<\/div>\n\t\t<\/div>\n\t\t\t\t\t<\/div>\n\t\t<\/section>\n\t\t\t\t<section class=\"elementor-section elementor-top-section elementor-element elementor-element-363604f elementor-section-boxed elementor-section-height-default elementor-section-height-default wpr-particle-no wpr-jarallax-no wpr-parallax-no wpr-sticky-section-no wpr-column-slider-no wpr-equal-height-no\" data-id=\"363604f\" data-element_type=\"section\" data-e-type=\"section\">\n\t\t\t\t\t\t<div class=\"elementor-container elementor-column-gap-default\">\n\t\t\t\t\t<div class=\"elementor-column elementor-col-100 elementor-top-column elementor-element elementor-element-32fa22a\" data-id=\"32fa22a\" data-element_type=\"column\" data-e-type=\"column\">\n\t\t\t<div class=\"elementor-widget-wrap elementor-element-populated\">\n\t\t\t\t\t\t<div class=\"elementor-element elementor-element-4e81907 elementor-widget elementor-widget-image-gallery\" data-id=\"4e81907\" data-element_type=\"widget\" data-e-type=\"widget\" data-widget_type=\"image-gallery.default\">\n\t\t\t\t<div class=\"elementor-widget-container\">\n\t\t\t\t\t\t\t<div class=\"elementor-image-gallery\">\n\t\t\t<div id='gallery-1' class='gallery galleryid-2664 gallery-columns-4 gallery-size-thumbnail'><figure class='gallery-item'>\n\t\t\t<div class='gallery-icon landscape'>\n\t\t\t\t<a data-elementor-open-lightbox=\"yes\" data-elementor-lightbox-slideshow=\"4e81907\" data-elementor-lightbox-title=\"WhatsApp_Image_2026-08-29_at_7.27.11_PM__1_\" data-e-action-hash=\"#elementor-action%3Aaction%3Dlightbox%26settings%3DeyJpZCI6MjY2NiwidXJsIjoiaHR0cHM6XC9cL2lwZ3NhbnRhY3J1ei5vcmcuYXJcL3dlYlwvd3AtY29udGVudFwvdXBsb2Fkc1wvMjAyNlwvMDlcL1doYXRzQXBwX0ltYWdlXzIwMjYtMDgtMjlfYXRfNy4yNy4xMV9QTV9fMV8uanBlZyIsInNsaWRlc2hvdyI6IjRlODE5MDcifQ%3D%3D\" href='https:\/\/ipgsantacruz.org.ar\/web\/wp-content\/uploads\/2026\/09\/WhatsApp_Image_2026-08-29_at_7.27.11_PM__1_.jpeg'><img width=\"150\" height=\"150\" src=\"https:\/\/ipgsantacruz.org.ar\/web\/wp-content\/uploads\/2026\/09\/WhatsApp_Image_2026-08-29_at_7.27.11_PM__1_-150x150.jpeg\" class=\"attachment-thumbnail size-thumbnail\" alt=\"\" decoding=\"async\" \/><\/a>\n\t\t\t<\/div><\/figure><figure class='gallery-item'>\n\t\t\t<div class='gallery-icon landscape'>\n\t\t\t\t<a data-elementor-open-lightbox=\"yes\" data-elementor-lightbox-slideshow=\"4e81907\" data-elementor-lightbox-title=\"portada26256\" data-e-action-hash=\"#elementor-action%3Aaction%3Dlightbox%26settings%3DeyJpZCI6MjY2NywidXJsIjoiaHR0cHM6XC9cL2lwZ3NhbnRhY3J1ei5vcmcuYXJcL3dlYlwvd3AtY29udGVudFwvdXBsb2Fkc1wvMjAyNlwvMDlcL3BvcnRhZGEyNjI1Ni5qcGciLCJzbGlkZXNob3ciOiI0ZTgxOTA3In0%3D\" href='https:\/\/ipgsantacruz.org.ar\/web\/wp-content\/uploads\/2026\/09\/portada26256.jpg'><img width=\"150\" height=\"150\" src=\"https:\/\/ipgsantacruz.org.ar\/web\/wp-content\/uploads\/2026\/09\/portada26256-150x150.jpg\" class=\"attachment-thumbnail size-thumbnail\" alt=\"\" decoding=\"async\" \/><\/a>\n\t\t\t<\/div><\/figure><figure class='gallery-item'>\n\t\t\t<div class='gallery-icon landscape'>\n\t\t\t\t<a data-elementor-open-lightbox=\"yes\" data-elementor-lightbox-slideshow=\"4e81907\" data-elementor-lightbox-title=\"IMG_9026\" data-e-action-hash=\"#elementor-action%3Aaction%3Dlightbox%26settings%3DeyJpZCI6MjY2OCwidXJsIjoiaHR0cHM6XC9cL2lwZ3NhbnRhY3J1ei5vcmcuYXJcL3dlYlwvd3AtY29udGVudFwvdXBsb2Fkc1wvMjAyNlwvMDlcL0lNR185MDI2LXNjYWxlZC5qcGVnIiwic2xpZGVzaG93IjoiNGU4MTkwNyJ9\" href='https:\/\/ipgsantacruz.org.ar\/web\/wp-content\/uploads\/2026\/09\/IMG_9026-scaled.jpeg'><img width=\"150\" height=\"150\" src=\"https:\/\/ipgsantacruz.org.ar\/web\/wp-content\/uploads\/2026\/09\/IMG_9026-150x150.jpeg\" class=\"attachment-thumbnail size-thumbnail\" alt=\"\" decoding=\"async\" \/><\/a>\n\t\t\t<\/div><\/figure><figure class='gallery-item'>\n\t\t\t<div class='gallery-icon portrait'>\n\t\t\t\t<a data-elementor-open-lightbox=\"yes\" data-elementor-lightbox-slideshow=\"4e81907\" data-elementor-lightbox-title=\"Captura de pantalla 2026-09-03 a la(s) 10.25.26\" data-e-action-hash=\"#elementor-action%3Aaction%3Dlightbox%26settings%3DeyJpZCI6MjY2OSwidXJsIjoiaHR0cHM6XC9cL2lwZ3NhbnRhY3J1ei5vcmcuYXJcL3dlYlwvd3AtY29udGVudFwvdXBsb2Fkc1wvMjAyNlwvMDlcL0NhcHR1cmEtZGUtcGFudGFsbGEtMjAyNi0wOS0wMy1hLWxhcy0xMC4yNS4yNi5wbmciLCJzbGlkZXNob3ciOiI0ZTgxOTA3In0%3D\" href='https:\/\/ipgsantacruz.org.ar\/web\/wp-content\/uploads\/2026\/09\/Captura-de-pantalla-2026-09-03-a-las-10.25.26.png'><img loading=\"lazy\" width=\"150\" height=\"150\" src=\"https:\/\/ipgsantacruz.org.ar\/web\/wp-content\/uploads\/2026\/09\/Captura-de-pantalla-2026-09-03-a-las-10.25.26-150x150.png\" class=\"attachment-thumbnail size-thumbnail\" alt=\"\" decoding=\"async\" \/><\/a>\n\t\t\t<\/div><\/figure><figure class='gallery-item'>\n\t\t\t<div class='gallery-icon portrait'>\n\t\t\t\t<a data-elementor-open-lightbox=\"yes\" data-elementor-lightbox-slideshow=\"4e81907\" data-elementor-lightbox-title=\"Captura de pantalla 2026-09-03 a la(s) 10.26.24\" data-e-action-hash=\"#elementor-action%3Aaction%3Dlightbox%26settings%3DeyJpZCI6MjY3MCwidXJsIjoiaHR0cHM6XC9cL2lwZ3NhbnRhY3J1ei5vcmcuYXJcL3dlYlwvd3AtY29udGVudFwvdXBsb2Fkc1wvMjAyNlwvMDlcL0NhcHR1cmEtZGUtcGFudGFsbGEtMjAyNi0wOS0wMy1hLWxhcy0xMC4yNi4yNC5wbmciLCJzbGlkZXNob3ciOiI0ZTgxOTA3In0%3D\" href='https:\/\/ipgsantacruz.org.ar\/web\/wp-content\/uploads\/2026\/09\/Captura-de-pantalla-2026-09-03-a-las-10.26.24.png'><img loading=\"lazy\" width=\"150\" height=\"150\" src=\"https:\/\/ipgsantacruz.org.ar\/web\/wp-content\/uploads\/2026\/09\/Captura-de-pantalla-2026-09-03-a-las-10.26.24-150x150.png\" class=\"attachment-thumbnail size-thumbnail\" alt=\"\" decoding=\"async\" \/><\/a>\n\t\t\t<\/div><\/figure><figure class='gallery-item'>\n\t\t\t<div class='gallery-icon portrait'>\n\t\t\t\t<a data-elementor-open-lightbox=\"yes\" data-elementor-lightbox-slideshow=\"4e81907\" data-elementor-lightbox-title=\"Captura de pantalla 2026-09-03 a la(s) 10.27.00\" data-e-action-hash=\"#elementor-action%3Aaction%3Dlightbox%26settings%3DeyJpZCI6MjY3MSwidXJsIjoiaHR0cHM6XC9cL2lwZ3NhbnRhY3J1ei5vcmcuYXJcL3dlYlwvd3AtY29udGVudFwvdXBsb2Fkc1wvMjAyNlwvMDlcL0NhcHR1cmEtZGUtcGFudGFsbGEtMjAyNi0wOS0wMy1hLWxhcy0xMC4yNy4wMC5wbmciLCJzbGlkZXNob3ciOiI0ZTgxOTA3In0%3D\" href='https:\/\/ipgsantacruz.org.ar\/web\/wp-content\/uploads\/2026\/09\/Captura-de-pantalla-2026-09-03-a-las-10.27.00.png'><img loading=\"lazy\" width=\"150\" height=\"150\" src=\"https:\/\/ipgsantacruz.org.ar\/web\/wp-content\/uploads\/2026\/09\/Captura-de-pantalla-2026-09-03-a-las-10.27.00-150x150.png\" class=\"attachment-thumbnail size-thumbnail\" alt=\"\" decoding=\"async\" \/><\/a>\n\t\t\t<\/div><\/figure><figure class='gallery-item'>\n\t\t\t<div class='gallery-icon landscape'>\n\t\t\t\t<a data-elementor-open-lightbox=\"yes\" data-elementor-lightbox-slideshow=\"4e81907\" data-elementor-lightbox-title=\"Captura de pantalla 2026-09-03 a la(s) 10.27.24\" data-e-action-hash=\"#elementor-action%3Aaction%3Dlightbox%26settings%3DeyJpZCI6MjY3MiwidXJsIjoiaHR0cHM6XC9cL2lwZ3NhbnRhY3J1ei5vcmcuYXJcL3dlYlwvd3AtY29udGVudFwvdXBsb2Fkc1wvMjAyNlwvMDlcL0NhcHR1cmEtZGUtcGFudGFsbGEtMjAyNi0wOS0wMy1hLWxhcy0xMC4yNy4yNC5wbmciLCJzbGlkZXNob3ciOiI0ZTgxOTA3In0%3D\" href='https:\/\/ipgsantacruz.org.ar\/web\/wp-content\/uploads\/2026\/09\/Captura-de-pantalla-2026-09-03-a-las-10.27.24.png'><img loading=\"lazy\" width=\"150\" height=\"150\" src=\"https:\/\/ipgsantacruz.org.ar\/web\/wp-content\/uploads\/2026\/09\/Captura-de-pantalla-2026-09-03-a-las-10.27.24-150x150.png\" class=\"attachment-thumbnail size-thumbnail\" alt=\"\" decoding=\"async\" \/><\/a>\n\t\t\t<\/div><\/figure><figure class='gallery-item'>\n\t\t\t<div class='gallery-icon landscape'>\n\t\t\t\t<a data-elementor-open-lightbox=\"yes\" data-elementor-lightbox-slideshow=\"4e81907\" data-elementor-lightbox-title=\"Captura de pantalla 2026-09-03 a la(s) 10.27.50\" data-e-action-hash=\"#elementor-action%3Aaction%3Dlightbox%26settings%3DeyJpZCI6MjY3MywidXJsIjoiaHR0cHM6XC9cL2lwZ3NhbnRhY3J1ei5vcmcuYXJcL3dlYlwvd3AtY29udGVudFwvdXBsb2Fkc1wvMjAyNlwvMDlcL0NhcHR1cmEtZGUtcGFudGFsbGEtMjAyNi0wOS0wMy1hLWxhcy0xMC4yNy41MC5wbmciLCJzbGlkZXNob3ciOiI0ZTgxOTA3In0%3D\" href='https:\/\/ipgsantacruz.org.ar\/web\/wp-content\/uploads\/2026\/09\/Captura-de-pantalla-2026-09-03-a-las-10.27.50.png'><img loading=\"lazy\" width=\"150\" height=\"150\" src=\"https:\/\/ipgsantacruz.org.ar\/web\/wp-content\/uploads\/2026\/09\/Captura-de-pantalla-2026-09-03-a-las-10.27.50-150x150.png\" class=\"attachment-thumbnail size-thumbnail\" alt=\"\" decoding=\"async\" \/><\/a>\n\t\t\t<\/div><\/figure><figure class='gallery-item'>\n\t\t\t<div class='gallery-icon landscape'>\n\t\t\t\t<a data-elementor-open-lightbox=\"yes\" data-elementor-lightbox-slideshow=\"4e81907\" data-elementor-lightbox-title=\"Captura de pantalla 2026-09-03 a la(s) 10.28.30\" data-e-action-hash=\"#elementor-action%3Aaction%3Dlightbox%26settings%3DeyJpZCI6MjY3NCwidXJsIjoiaHR0cHM6XC9cL2lwZ3NhbnRhY3J1ei5vcmcuYXJcL3dlYlwvd3AtY29udGVudFwvdXBsb2Fkc1wvMjAyNlwvMDlcL0NhcHR1cmEtZGUtcGFudGFsbGEtMjAyNi0wOS0wMy1hLWxhcy0xMC4yOC4zMC5wbmciLCJzbGlkZXNob3ciOiI0ZTgxOTA3In0%3D\" href='https:\/\/ipgsantacruz.org.ar\/web\/wp-content\/uploads\/2026\/09\/Captura-de-pantalla-2026-09-03-a-las-10.28.30.png'><img loading=\"lazy\" width=\"150\" height=\"150\" src=\"https:\/\/ipgsantacruz.org.ar\/web\/wp-content\/uploads\/2026\/09\/Captura-de-pantalla-2026-09-03-a-las-10.28.30-150x150.png\" class=\"attachment-thumbnail size-thumbnail\" alt=\"\" decoding=\"async\" \/><\/a>\n\t\t\t<\/div><\/figure><figure class='gallery-item'>\n\t\t\t<div class='gallery-icon landscape'>\n\t\t\t\t<a data-elementor-open-lightbox=\"yes\" data-elementor-lightbox-slideshow=\"4e81907\" data-elementor-lightbox-title=\"Captura de pantalla 2026-09-03 a la(s) 10.29.11\" data-e-action-hash=\"#elementor-action%3Aaction%3Dlightbox%26settings%3DeyJpZCI6MjY3NSwidXJsIjoiaHR0cHM6XC9cL2lwZ3NhbnRhY3J1ei5vcmcuYXJcL3dlYlwvd3AtY29udGVudFwvdXBsb2Fkc1wvMjAyNlwvMDlcL0NhcHR1cmEtZGUtcGFudGFsbGEtMjAyNi0wOS0wMy1hLWxhcy0xMC4yOS4xMS5wbmciLCJzbGlkZXNob3ciOiI0ZTgxOTA3In0%3D\" href='https:\/\/ipgsantacruz.org.ar\/web\/wp-content\/uploads\/2026\/09\/Captura-de-pantalla-2026-09-03-a-las-10.29.11.png'><img loading=\"lazy\" width=\"150\" height=\"150\" src=\"https:\/\/ipgsantacruz.org.ar\/web\/wp-content\/uploads\/2026\/09\/Captura-de-pantalla-2026-09-03-a-las-10.29.11-150x150.png\" class=\"attachment-thumbnail size-thumbnail\" alt=\"\" decoding=\"async\" \/><\/a>\n\t\t\t<\/div><\/figure><figure class='gallery-item'>\n\t\t\t<div class='gallery-icon portrait'>\n\t\t\t\t<a data-elementor-open-lightbox=\"yes\" data-elementor-lightbox-slideshow=\"4e81907\" data-elementor-lightbox-title=\"Captura de pantalla 2026-09-03 a la(s) 10.29.33\" data-e-action-hash=\"#elementor-action%3Aaction%3Dlightbox%26settings%3DeyJpZCI6MjY3NiwidXJsIjoiaHR0cHM6XC9cL2lwZ3NhbnRhY3J1ei5vcmcuYXJcL3dlYlwvd3AtY29udGVudFwvdXBsb2Fkc1wvMjAyNlwvMDlcL0NhcHR1cmEtZGUtcGFudGFsbGEtMjAyNi0wOS0wMy1hLWxhcy0xMC4yOS4zMy5wbmciLCJzbGlkZXNob3ciOiI0ZTgxOTA3In0%3D\" href='https:\/\/ipgsantacruz.org.ar\/web\/wp-content\/uploads\/2026\/09\/Captura-de-pantalla-2026-09-03-a-las-10.29.33.png'><img loading=\"lazy\" width=\"150\" height=\"150\" src=\"https:\/\/ipgsantacruz.org.ar\/web\/wp-content\/uploads\/2026\/09\/Captura-de-pantalla-2026-09-03-a-las-10.29.33-150x150.png\" class=\"attachment-thumbnail size-thumbnail\" alt=\"\" decoding=\"async\" \/><\/a>\n\t\t\t<\/div><\/figure>\n\t\t<\/div>\n\t\t<\/div>\n\t\t\t\t\t\t<\/div>\n\t\t\t\t<\/div>\n\t\t\t\t\t<\/div>\n\t\t<\/div>\n\t\t\t\t\t<\/div>\n\t\t<\/section>\n\t\t\t\t<\/div>\n\t\t","protected":false},"excerpt":{"rendered":"<p>Primera Expo Campo Infantil: una jornada a puro campo para las infancias santacruce\u00f1as El s\u00e1bado 29 de agosto, de 14 a 19 horas, se llev\u00f3 a cabo la primera edici\u00f3n de la Expo Campo Infantil, organizada por el Consejo Agrario Provincial (CAP), con la participaci\u00f3n de distintas instituciones de la provincia. La propuesta busc\u00f3 acercar el mundo rural y la flora y fauna de la provincia a los m\u00e1s chicos, a trav\u00e9s de actividades pensadas especialmente para que las infancias vivan una tarde a puro campo. Entre las actividades se destacaron la demostraci\u00f3n de esquila, un sector de huerta y un rinc\u00f3n de animales de granja que fue uno de los grandes atractivos de la jornada: burra y burrito, terneros, ovejas, conejos, gallos y gallinas, pavos y pavas, y pollitos, que despertaron la curiosidad y el asombro de grandes y chicos por igual. La jornada cont\u00f3 adem\u00e1s con la participaci\u00f3n de numerosas instituciones: Por El Mar y Ambiente Sur acercaron propuestas vinculadas al cuidado del ambiente, el Ministerio de Salud y Ambiente de Santa Cruz sum\u00f3 su espacio, y la escuela de kayak I Yenu Jono present\u00f3 su actividad n\u00e1utica. El Ej\u00e9rcito Argentino ofreci\u00f3 chocolatada y tortas fritas, adem\u00e1s de una posta recreativa donde los chicos pudieron vivir una experiencia l\u00fadica inspirada en la vida militar. La m\u00fasica tampoco falt\u00f3, con la banda en vivo que acompa\u00f1\u00f3 la tarde con distintas canciones, y hubo sorteos para cerrar la jornada a pura sonrisa. El IPG estuvo presente junto a FIAS, la Sociedad Rural y el Ateneo de la Rural, con un stand donde se recorri\u00f3 \u00abel camino de la lana\u00bb: un espacio pensado para contarles a los m\u00e1s chicos, de forma sencilla, did\u00e1ctica y a trav\u00e9s de una experiencia sensorial, todo el proceso que atraviesa la lana desde la esquila hasta convertirse en productos que usamos todos los d\u00edas, como prendas de ropa y cremas para el cuidado de la piel. Una jornada que reafirma el valor de acercar el campo a las nuevas generaciones, y de seguir construyendo, entre todas las instituciones del sector, espacios de encuentro para las familias santacruce\u00f1as.<\/p>\n","protected":false},"author":3,"featured_media":2676,"comment_status":"closed","ping_status":"closed","sticky":false,"template":"","format":"standard","meta":{"footnotes":""},"categories":[1],"tags":[],"class_list":["post-2664","post","type-post","status-publish","format-standard","has-post-thumbnail","hentry","category-novedades"],"_links":{"self":[{"href":"https:\/\/ipgsantacruz.org.ar\/web\/wp-json\/wp\/v2\/posts\/2664","targetHints":{"allow":["GET"]}}],"collection":[{"href":"https:\/\/ipgsantacruz.org.ar\/web\/wp-json\/wp\/v2\/posts"}],"about":[{"href":"https:\/\/ipgsantacruz.org.ar\/web\/wp-json\/wp\/v2\/types\/post"}],"author":[{"embeddable":true,"href":"https:\/\/ipgsantacruz.org.ar\/web\/wp-json\/wp\/v2\/users\/3"}],"replies":[{"embeddable":true,"href":"https:\/\/ipgsantacruz.org.ar\/web\/wp-json\/wp\/v2\/comments?post=2664"}],"version-history":[{"count":4,"href":"https:\/\/ipgsantacruz.org.ar\/web\/wp-json\/wp\/v2\/posts\/2664\/revisions"}],"predecessor-version":[{"id":2679,"href":"https:\/\/ipgsantacruz.org.ar\/web\/wp-json\/wp\/v2\/posts\/2664\/revisions\/2679"}],"wp:featuredmedia":[{"embeddable":true,"href":"https:\/\/ipgsantacruz.org.ar\/web\/wp-json\/wp\/v2\/media\/2676"}],"wp:attachment":[{"href":"https:\/\/ipgsantacruz.org.ar\/web\/wp-json\/wp\/v2\/media?parent=2664"}],"wp:term":[{"taxonomy":"category","embeddable":true,"href":"https:\/\/ipgsantacruz.org.ar\/web\/wp-json\/wp\/v2\/categories?post=2664"},{"taxonomy":"post_tag","embeddable":true,"href":"https:\/\/ipgsantacruz.org.ar\/web\/wp-json\/wp\/v2\/tags?post=2664"}],"curies":[{"name":"wp","href":"https:\/\/api.w.org\/{rel}","templated":true}]}}